{"id":25133,"date":"2026-04-29T15:45:11","date_gmt":"2026-04-29T19:45:11","guid":{"rendered":"https:\/\/portal.mph.cl\/?p=25133"},"modified":"2026-04-29T15:45:11","modified_gmt":"2026-04-29T19:45:11","slug":"presentacion-de-la-cuenta-publica-2025","status":"publish","type":"post","link":"https:\/\/portal.mph.cl\/?p=25133","title":{"rendered":"PRESENTACI\u00d3N DE LA CUENTA P\u00daBLICA 2025"},"content":{"rendered":"<p>El martes 28 de abril en el Colegio Santa Mar\u00eda Goretti, nuestro alcalde, Felipe Mu\u00f1oz Heredia, present\u00f3 la Cuenta P\u00fablica 2025 ante cientos de vecinos y vecinas de Padre Hurtado.<\/p>\n<p>La ceremonia cont\u00f3 con la presencia de los diputados Ra\u00fal Leiva, Ignacio Achurra y Jaime Coloma; la notaria y conservadora de Bienes Ra\u00edces de Padre Hurtado, Francisca \u00c1lvarez; la directora del SLEP Provincial de Talagante; los concejales Paz Gonz\u00e1lez, Marcela Rojas, Ignacio Arias, Francisco Garrido, Daniela D\u00edaz y Roc\u00edo L\u00f3pez; adem\u00e1s de representantes de Bomberos, Carabineros, PDI, organizaciones y dirigentes sociales.<\/p>\n<p>En la instancia se dieron a conocer avances en seguridad, finanzas, actividades comunitarias, beneficios sociales, deportes, salud, educaci\u00f3n, medio ambiente y proyectos comunales.<\/p>\n<p>Seguimos trabajando junto a la comunidad, porque lo mejor para Padre Hurtado est\u00e1 por venir.<\/p>\n<p><iframe loading=\"lazy\" title=\"PRESENTACI\u00d3N DE LA CUENTA P\u00daBLICA 2025\" width=\"702\" height=\"395\" src=\"https:\/\/www.youtube.com\/embed\/tP7wZLh_8Jc?feature=oembed\" frameborder=\"0\" allow=\"accelerometer; autoplay; clipboard-write; encrypted-media; gyroscope; picture-in-picture; web-share\" referrerpolicy=\"strict-origin-when-cross-origin\" allowfullscreen><\/iframe><\/p>\n","protected":false},"excerpt":{"rendered":"<p>El martes 28 de abril en el Colegio Santa Mar\u00eda Goretti, nuestro alcalde, Felipe Mu\u00f1oz Heredia, present\u00f3 la Cuenta P\u00fablica 2025 ante cientos de vecinos y vecinas de Padre Hurtado. La ceremonia cont\u00f3 con la presencia de los diputados Ra\u00fal Leiva, Ignacio Achurra y Jaime Coloma; la notaria y conservadora de Bienes Ra\u00edces de Padre<\/p>\n<div class=\"read-more\"><a href=\"https:\/\/portal.mph.cl\/?p=25133\" title=\"Read More\">Read More<\/a><\/div>\n","protected":false},"author":11,"featured_media":25134,"comment_status":"closed","ping_status":"closed","sticky":false,"template":"","format":"standard","meta":{"footnotes":""},"categories":[32,58,6,36,7],"tags":[],"_links":{"self":[{"href":"https:\/\/portal.mph.cl\/index.php?rest_route=\/wp\/v2\/posts\/25133"}],"collection":[{"href":"https:\/\/portal.mph.cl\/index.php?rest_route=\/wp\/v2\/posts"}],"about":[{"href":"https:\/\/portal.mph.cl\/index.php?rest_route=\/wp\/v2\/types\/post"}],"author":[{"embeddable":true,"href":"https:\/\/portal.mph.cl\/index.php?rest_route=\/wp\/v2\/users\/11"}],"replies":[{"embeddable":true,"href":"https:\/\/portal.mph.cl\/index.php?rest_route=%2Fwp%2Fv2%2Fcomments&post=25133"}],"version-history":[{"count":1,"href":"https:\/\/portal.mph.cl\/index.php?rest_route=\/wp\/v2\/posts\/25133\/revisions"}],"predecessor-version":[{"id":25135,"href":"https:\/\/portal.mph.cl\/index.php?rest_route=\/wp\/v2\/posts\/25133\/revisions\/25135"}],"wp:featuredmedia":[{"embeddable":true,"href":"https:\/\/portal.mph.cl\/index.php?rest_route=\/wp\/v2\/media\/25134"}],"wp:attachment":[{"href":"https:\/\/portal.mph.cl\/index.php?rest_route=%2Fwp%2Fv2%2Fmedia&parent=25133"}],"wp:term":[{"taxonomy":"category","embeddable":true,"href":"https:\/\/portal.mph.cl\/index.php?rest_route=%2Fwp%2Fv2%2Fcategories&post=25133"},{"taxonomy":"post_tag","embeddable":true,"href":"https:\/\/portal.mph.cl\/index.php?rest_route=%2Fwp%2Fv2%2Ftags&post=25133"}],"curies":[{"name":"wp","href":"https:\/\/api.w.org\/{rel}","templated":true}]}}