{"id":23704,"date":"2026-04-27T12:10:40","date_gmt":"2026-04-27T16:10:40","guid":{"rendered":"https:\/\/portal.mph.cl\/?p=23704"},"modified":"2026-04-27T12:10:40","modified_gmt":"2026-04-27T16:10:40","slug":"volvieron-los-domingos-dominicales","status":"publish","type":"post","link":"https:\/\/portal.mph.cl\/?p=23704","title":{"rendered":"VOLVIERON LOS DOMINGOS DOMINICALES"},"content":{"rendered":"<p>Ayer domingo 26 de abril celebramos el regreso de los Domingos Dominicales, organizado por la Corporaci\u00f3n de Deportes de Padre Hurtado, con la colaboraci\u00f3n de la Oficina del Adulto Mayor.<\/p>\n<p>La jornada se realiz\u00f3 en el gimnasio del Estadio Santa Rosa de Chena, donde disfrutamos de m\u00fasica, baile y entretenidos bingos para nuestros adultos mayores.<\/p>\n<p>Adem\u00e1s, contamos con la presencia del concejal Ignacio Arias, quien acompa\u00f1\u00f3 esta actividad pensada para el encuentro y la vida en comunidad.<\/p>\n<p>Seguiremos generando espacios para que nuestras vecinas y vecinos compartan y se reencuentren.<\/p>\n","protected":false},"excerpt":{"rendered":"<p>Ayer domingo 26 de abril celebramos el regreso de los Domingos Dominicales, organizado por la Corporaci\u00f3n de Deportes de Padre Hurtado, con la colaboraci\u00f3n de la Oficina del Adulto Mayor. La jornada se realiz\u00f3 en el gimnasio del Estadio Santa Rosa de Chena, donde disfrutamos de m\u00fasica, baile y entretenidos bingos para nuestros adultos mayores.<\/p>\n<div class=\"read-more\"><a href=\"https:\/\/portal.mph.cl\/?p=23704\" title=\"Read More\">Read More<\/a><\/div>\n","protected":false},"author":11,"featured_media":23705,"comment_status":"closed","ping_status":"closed","sticky":false,"template":"","format":"standard","meta":{"footnotes":""},"categories":[2,5,6,36],"tags":[],"_links":{"self":[{"href":"https:\/\/portal.mph.cl\/index.php?rest_route=\/wp\/v2\/posts\/23704"}],"collection":[{"href":"https:\/\/portal.mph.cl\/index.php?rest_route=\/wp\/v2\/posts"}],"about":[{"href":"https:\/\/portal.mph.cl\/index.php?rest_route=\/wp\/v2\/types\/post"}],"author":[{"embeddable":true,"href":"https:\/\/portal.mph.cl\/index.php?rest_route=\/wp\/v2\/users\/11"}],"replies":[{"embeddable":true,"href":"https:\/\/portal.mph.cl\/index.php?rest_route=%2Fwp%2Fv2%2Fcomments&post=23704"}],"version-history":[{"count":1,"href":"https:\/\/portal.mph.cl\/index.php?rest_route=\/wp\/v2\/posts\/23704\/revisions"}],"predecessor-version":[{"id":23706,"href":"https:\/\/portal.mph.cl\/index.php?rest_route=\/wp\/v2\/posts\/23704\/revisions\/23706"}],"wp:featuredmedia":[{"embeddable":true,"href":"https:\/\/portal.mph.cl\/index.php?rest_route=\/wp\/v2\/media\/23705"}],"wp:attachment":[{"href":"https:\/\/portal.mph.cl\/index.php?rest_route=%2Fwp%2Fv2%2Fmedia&parent=23704"}],"wp:term":[{"taxonomy":"category","embeddable":true,"href":"https:\/\/portal.mph.cl\/index.php?rest_route=%2Fwp%2Fv2%2Fcategories&post=23704"},{"taxonomy":"post_tag","embeddable":true,"href":"https:\/\/portal.mph.cl\/index.php?rest_route=%2Fwp%2Fv2%2Ftags&post=23704"}],"curies":[{"name":"wp","href":"https:\/\/api.w.org\/{rel}","templated":true}]}}