{"id":22204,"date":"2026-03-13T11:50:07","date_gmt":"2026-03-13T15:50:07","guid":{"rendered":"https:\/\/portal.mph.cl\/?p=22204"},"modified":"2026-03-13T11:50:07","modified_gmt":"2026-03-13T15:50:07","slug":"conmemoracion-del-dia-internacional-de-la-mujer-en-nuestro-centro-cultural","status":"publish","type":"post","link":"https:\/\/portal.mph.cl\/?p=22204","title":{"rendered":"CONMEMORACI\u00d3N DEL D\u00cdA INTERNACIONAL DE LA MUJER EN NUESTRO CENTRO CULTURAL"},"content":{"rendered":"<p>El viernes 06 de marzo en el Centro Cultural, se llev\u00f3 a cabo el acto de conmemoraci\u00f3n del D\u00eda Internacional de la Mujer, encabezado por nuestro alcalde, Felipe Mu\u00f1oz Heredia.<\/p>\n<p>En la oportunidad, tambi\u00e9n estuvieron presentes la Consejera Regional, Maricel Donoso, los Concejales, Marcela Rojas, Ignacio Arias y Francisco Garrido, la Notaria y Conservadora de Bienes Ra\u00edces, Francisca \u00c1lvarez, las carabineras, Daniela \u00c1lvarez, Natalia Mel\u00e9ndez y Bel\u00e9n Astete, la bombera, Joselyn Mutis, junto a funcionarios y funcionarias municipales.<\/p>\n<p>En la instancia, se destac\u00f3 el rol y la importancia de las mujeres en nuestra sociedad y comuna. Adem\u00e1s, hubo intervenciones art\u00edsticas de los talleres municipales.<\/p>\n<p>El alcalde Felipe Mu\u00f1oz resalt\u00f3 los avances en la materia que se han realizado en Padre Hurtado, como la ordenanza municipal contra el acoso callejero, asegurando que se seguir\u00e1 trabajando para mejorar la calidad de vida de las mujeres en nuestra comuna.<\/p>\n","protected":false},"excerpt":{"rendered":"<p>El viernes 06 de marzo en el Centro Cultural, se llev\u00f3 a cabo el acto de conmemoraci\u00f3n del D\u00eda Internacional de la Mujer, encabezado por nuestro alcalde, Felipe Mu\u00f1oz Heredia. En la oportunidad, tambi\u00e9n estuvieron presentes la Consejera Regional, Maricel Donoso, los Concejales, Marcela Rojas, Ignacio Arias y Francisco Garrido, la Notaria y Conservadora de<\/p>\n<div class=\"read-more\"><a href=\"https:\/\/portal.mph.cl\/?p=22204\" title=\"Read More\">Read More<\/a><\/div>\n","protected":false},"author":11,"featured_media":22205,"comment_status":"closed","ping_status":"closed","sticky":false,"template":"","format":"standard","meta":{"footnotes":""},"categories":[32,26,6,36],"tags":[],"_links":{"self":[{"href":"https:\/\/portal.mph.cl\/index.php?rest_route=\/wp\/v2\/posts\/22204"}],"collection":[{"href":"https:\/\/portal.mph.cl\/index.php?rest_route=\/wp\/v2\/posts"}],"about":[{"href":"https:\/\/portal.mph.cl\/index.php?rest_route=\/wp\/v2\/types\/post"}],"author":[{"embeddable":true,"href":"https:\/\/portal.mph.cl\/index.php?rest_route=\/wp\/v2\/users\/11"}],"replies":[{"embeddable":true,"href":"https:\/\/portal.mph.cl\/index.php?rest_route=%2Fwp%2Fv2%2Fcomments&post=22204"}],"version-history":[{"count":1,"href":"https:\/\/portal.mph.cl\/index.php?rest_route=\/wp\/v2\/posts\/22204\/revisions"}],"predecessor-version":[{"id":22206,"href":"https:\/\/portal.mph.cl\/index.php?rest_route=\/wp\/v2\/posts\/22204\/revisions\/22206"}],"wp:featuredmedia":[{"embeddable":true,"href":"https:\/\/portal.mph.cl\/index.php?rest_route=\/wp\/v2\/media\/22205"}],"wp:attachment":[{"href":"https:\/\/portal.mph.cl\/index.php?rest_route=%2Fwp%2Fv2%2Fmedia&parent=22204"}],"wp:term":[{"taxonomy":"category","embeddable":true,"href":"https:\/\/portal.mph.cl\/index.php?rest_route=%2Fwp%2Fv2%2Fcategories&post=22204"},{"taxonomy":"post_tag","embeddable":true,"href":"https:\/\/portal.mph.cl\/index.php?rest_route=%2Fwp%2Fv2%2Ftags&post=22204"}],"curies":[{"name":"wp","href":"https:\/\/api.w.org\/{rel}","templated":true}]}}