{"id":22201,"date":"2026-03-13T11:47:34","date_gmt":"2026-03-13T15:47:34","guid":{"rendered":"https:\/\/portal.mph.cl\/?p=22201"},"modified":"2026-03-13T11:47:34","modified_gmt":"2026-03-13T15:47:34","slug":"alcalde-felipe-munoz-encabezo-inicio-del-ano-escolar-en-la-escuela-republica-argentina","status":"publish","type":"post","link":"https:\/\/portal.mph.cl\/?p=22201","title":{"rendered":"ALCALDE FELIPE MU\u00d1OZ ENCABEZ\u00d3 INICIO DEL A\u00d1O ESCOLAR EN LA ESCUELA REP\u00daBLICA ARGENTINA"},"content":{"rendered":"<p>El mi\u00e9rcoles 04 de marzo, nuestro alcalde, Felipe Mu\u00f1oz Heredia, encabez\u00f3 el inicio del a\u00f1o escolar en la Escuela Rep\u00fablica Argentina, junto a la directora del Departamento de Educaci\u00f3n municipal, Carla Burgos.<\/p>\n<p>Adem\u00e1s, estuvieron presentes los Consejeros Regionales, Maricel Donoso y Jaime Gonz\u00e1lez, la Delegada Presidencial Provincial de Talagante, Stephanie Duarte, la Directora Ejecutiva del Servicio Local de Educaci\u00f3n P\u00fablica (SLEP) Talagante, Ang\u00e9lica Fuenzalida, el Jefe Provincial de Educaci\u00f3n, Pablo Carrizo, los concejales Marcela Rojas, Ignacio Arias, Francisco Garrido y Daniela D\u00edaz, junto a docentes, alumnos y apoderados.<\/p>\n<p>En la oportunidad, el alcalde realiz\u00f3 una cuenta p\u00fablica de lo realizado durante los \u00faltimos 4 a\u00f1os, pero asegur\u00f3 que La Municipalidad seguir\u00e1 trabajando junto a los SLEP para mejorar la calidad de la educaci\u00f3n en nuestra comuna durante los pr\u00f3ximos a\u00f1os.<\/p>\n<p>Como municipio, le deseamos el mayor de los \u00e9xitos a cada estudiante de Padre Hurtado en este inicio de a\u00f1o escolar, esperando que puedan cumplir con sus metas acad\u00e9micas este 2026.<\/p>\n","protected":false},"excerpt":{"rendered":"<p>El mi\u00e9rcoles 04 de marzo, nuestro alcalde, Felipe Mu\u00f1oz Heredia, encabez\u00f3 el inicio del a\u00f1o escolar en la Escuela Rep\u00fablica Argentina, junto a la directora del Departamento de Educaci\u00f3n municipal, Carla Burgos. Adem\u00e1s, estuvieron presentes los Consejeros Regionales, Maricel Donoso y Jaime Gonz\u00e1lez, la Delegada Presidencial Provincial de Talagante, Stephanie Duarte, la Directora Ejecutiva del<\/p>\n<div class=\"read-more\"><a href=\"https:\/\/portal.mph.cl\/?p=22201\" title=\"Read More\">Read More<\/a><\/div>\n","protected":false},"author":11,"featured_media":22202,"comment_status":"closed","ping_status":"closed","sticky":false,"template":"","format":"standard","meta":{"footnotes":""},"categories":[32,27,6],"tags":[],"_links":{"self":[{"href":"https:\/\/portal.mph.cl\/index.php?rest_route=\/wp\/v2\/posts\/22201"}],"collection":[{"href":"https:\/\/portal.mph.cl\/index.php?rest_route=\/wp\/v2\/posts"}],"about":[{"href":"https:\/\/portal.mph.cl\/index.php?rest_route=\/wp\/v2\/types\/post"}],"author":[{"embeddable":true,"href":"https:\/\/portal.mph.cl\/index.php?rest_route=\/wp\/v2\/users\/11"}],"replies":[{"embeddable":true,"href":"https:\/\/portal.mph.cl\/index.php?rest_route=%2Fwp%2Fv2%2Fcomments&post=22201"}],"version-history":[{"count":1,"href":"https:\/\/portal.mph.cl\/index.php?rest_route=\/wp\/v2\/posts\/22201\/revisions"}],"predecessor-version":[{"id":22203,"href":"https:\/\/portal.mph.cl\/index.php?rest_route=\/wp\/v2\/posts\/22201\/revisions\/22203"}],"wp:featuredmedia":[{"embeddable":true,"href":"https:\/\/portal.mph.cl\/index.php?rest_route=\/wp\/v2\/media\/22202"}],"wp:attachment":[{"href":"https:\/\/portal.mph.cl\/index.php?rest_route=%2Fwp%2Fv2%2Fmedia&parent=22201"}],"wp:term":[{"taxonomy":"category","embeddable":true,"href":"https:\/\/portal.mph.cl\/index.php?rest_route=%2Fwp%2Fv2%2Fcategories&post=22201"},{"taxonomy":"post_tag","embeddable":true,"href":"https:\/\/portal.mph.cl\/index.php?rest_route=%2Fwp%2Fv2%2Ftags&post=22201"}],"curies":[{"name":"wp","href":"https:\/\/api.w.org\/{rel}","templated":true}]}}