{"id":22198,"date":"2026-03-13T11:45:44","date_gmt":"2026-03-13T15:45:44","guid":{"rendered":"https:\/\/portal.mph.cl\/?p=22198"},"modified":"2026-03-13T11:45:44","modified_gmt":"2026-03-13T15:45:44","slug":"jornada-de-certificacion-del-programa-de-equinoterapia","status":"publish","type":"post","link":"https:\/\/portal.mph.cl\/?p=22198","title":{"rendered":"JORNADA DE CERTIFICACI\u00d3N DEL PROGRAMA DE EQUINOTERAPIA"},"content":{"rendered":"<p>El jueves 26 de febrero en el Parque Ecuestre Parque Chacai, nuestro alcalde, Felipe Mu\u00f1oz Heredia, encabez\u00f3 la ceremonia de certificaci\u00f3n del Programa de Equinoterapias municipal.<\/p>\n<p>En la instancia, tambi\u00e9n estuvieron presentes los concejales Paz Gonz\u00e1lez, Francisco Garrido, Daniela D\u00edaz y Roc\u00edo L\u00f3pez, junto a los padres e hijos que participan de este plan piloto.<\/p>\n<p>Este programa, a cargo de la Oficina de Personas en Situaci\u00f3n de Discapacidad, Chile Crece Contigo y la Corporaci\u00f3n de Deportes de Padre Hurtado, entrega una serie de beneficios a ni\u00f1as y ni\u00f1os, los que mostraron grandes avances durante las sesiones.<\/p>\n<p>El municipio continuar\u00e1 trabajando por la inclusi\u00f3n y para seguir impulsando iniciativas que vayan en beneficio de toda la comunidad.<\/p>\n","protected":false},"excerpt":{"rendered":"<p>El jueves 26 de febrero en el Parque Ecuestre Parque Chacai, nuestro alcalde, Felipe Mu\u00f1oz Heredia, encabez\u00f3 la ceremonia de certificaci\u00f3n del Programa de Equinoterapias municipal. En la instancia, tambi\u00e9n estuvieron presentes los concejales Paz Gonz\u00e1lez, Francisco Garrido, Daniela D\u00edaz y Roc\u00edo L\u00f3pez, junto a los padres e hijos que participan de este plan piloto.<\/p>\n<div class=\"read-more\"><a href=\"https:\/\/portal.mph.cl\/?p=22198\" title=\"Read More\">Read More<\/a><\/div>\n","protected":false},"author":11,"featured_media":22199,"comment_status":"closed","ping_status":"closed","sticky":false,"template":"","format":"standard","meta":{"footnotes":""},"categories":[32,5,6,36],"tags":[],"_links":{"self":[{"href":"https:\/\/portal.mph.cl\/index.php?rest_route=\/wp\/v2\/posts\/22198"}],"collection":[{"href":"https:\/\/portal.mph.cl\/index.php?rest_route=\/wp\/v2\/posts"}],"about":[{"href":"https:\/\/portal.mph.cl\/index.php?rest_route=\/wp\/v2\/types\/post"}],"author":[{"embeddable":true,"href":"https:\/\/portal.mph.cl\/index.php?rest_route=\/wp\/v2\/users\/11"}],"replies":[{"embeddable":true,"href":"https:\/\/portal.mph.cl\/index.php?rest_route=%2Fwp%2Fv2%2Fcomments&post=22198"}],"version-history":[{"count":1,"href":"https:\/\/portal.mph.cl\/index.php?rest_route=\/wp\/v2\/posts\/22198\/revisions"}],"predecessor-version":[{"id":22200,"href":"https:\/\/portal.mph.cl\/index.php?rest_route=\/wp\/v2\/posts\/22198\/revisions\/22200"}],"wp:featuredmedia":[{"embeddable":true,"href":"https:\/\/portal.mph.cl\/index.php?rest_route=\/wp\/v2\/media\/22199"}],"wp:attachment":[{"href":"https:\/\/portal.mph.cl\/index.php?rest_route=%2Fwp%2Fv2%2Fmedia&parent=22198"}],"wp:term":[{"taxonomy":"category","embeddable":true,"href":"https:\/\/portal.mph.cl\/index.php?rest_route=%2Fwp%2Fv2%2Fcategories&post=22198"},{"taxonomy":"post_tag","embeddable":true,"href":"https:\/\/portal.mph.cl\/index.php?rest_route=%2Fwp%2Fv2%2Ftags&post=22198"}],"curies":[{"name":"wp","href":"https:\/\/api.w.org\/{rel}","templated":true}]}}