{"id":22195,"date":"2026-03-13T11:43:30","date_gmt":"2026-03-13T15:43:30","guid":{"rendered":"https:\/\/portal.mph.cl\/?p=22195"},"modified":"2026-03-13T11:43:30","modified_gmt":"2026-03-13T15:43:30","slug":"alcalde-felipe-munoz-anuncio-nuevas-obras-viales-en-el-sector-rural-de-la-esperanza","status":"publish","type":"post","link":"https:\/\/portal.mph.cl\/?p=22195","title":{"rendered":"ALCALDE FELIPE MU\u00d1OZ ANUNCI\u00d3 NUEVAS OBRAS VIALES EN EL SECTOR RURAL DE LA ESPERANZA"},"content":{"rendered":"<p>El martes 24 de febrero en la Escuela La Esperanza, nuestro alcalde, Felipe Mu\u00f1oz Heredia, encabez\u00f3 una reuni\u00f3n de trabajo junto a representantes de la Direcci\u00f3n de Vialidad y del Ministerio de Obras P\u00fablicas (MOP).<\/p>\n<p>La cita tuvo como objetivo definir una serie de obras viales en la rotonda del sector, lo que beneficiar\u00e1 directamente la seguridad de vecinas, vecinos y el tr\u00e1nsito vehicular.<\/p>\n<p>El alcalde explic\u00f3 que los trabajos comenzar\u00e1n a mediados de marzo, en donde se instalar\u00e1n se\u00f1al\u00e9ticas, vallas y cruces peatonales, aceras, un nuevo paradero y se recarpetear\u00e1 esta rotonda.<\/p>\n<p>El municipio continuar\u00e1 trabajando junto a distintas autoridades para mejorar la calidad de vida en toda nuestra comuna, especialmente en el sector rural.<\/p>\n","protected":false},"excerpt":{"rendered":"<p>El martes 24 de febrero en la Escuela La Esperanza, nuestro alcalde, Felipe Mu\u00f1oz Heredia, encabez\u00f3 una reuni\u00f3n de trabajo junto a representantes de la Direcci\u00f3n de Vialidad y del Ministerio de Obras P\u00fablicas (MOP). La cita tuvo como objetivo definir una serie de obras viales en la rotonda del sector, lo que beneficiar\u00e1 directamente<\/p>\n<div class=\"read-more\"><a href=\"https:\/\/portal.mph.cl\/?p=22195\" title=\"Read More\">Read More<\/a><\/div>\n","protected":false},"author":11,"featured_media":22196,"comment_status":"closed","ping_status":"closed","sticky":false,"template":"","format":"standard","meta":{"footnotes":""},"categories":[32,6,30,36],"tags":[],"_links":{"self":[{"href":"https:\/\/portal.mph.cl\/index.php?rest_route=\/wp\/v2\/posts\/22195"}],"collection":[{"href":"https:\/\/portal.mph.cl\/index.php?rest_route=\/wp\/v2\/posts"}],"about":[{"href":"https:\/\/portal.mph.cl\/index.php?rest_route=\/wp\/v2\/types\/post"}],"author":[{"embeddable":true,"href":"https:\/\/portal.mph.cl\/index.php?rest_route=\/wp\/v2\/users\/11"}],"replies":[{"embeddable":true,"href":"https:\/\/portal.mph.cl\/index.php?rest_route=%2Fwp%2Fv2%2Fcomments&post=22195"}],"version-history":[{"count":1,"href":"https:\/\/portal.mph.cl\/index.php?rest_route=\/wp\/v2\/posts\/22195\/revisions"}],"predecessor-version":[{"id":22197,"href":"https:\/\/portal.mph.cl\/index.php?rest_route=\/wp\/v2\/posts\/22195\/revisions\/22197"}],"wp:featuredmedia":[{"embeddable":true,"href":"https:\/\/portal.mph.cl\/index.php?rest_route=\/wp\/v2\/media\/22196"}],"wp:attachment":[{"href":"https:\/\/portal.mph.cl\/index.php?rest_route=%2Fwp%2Fv2%2Fmedia&parent=22195"}],"wp:term":[{"taxonomy":"category","embeddable":true,"href":"https:\/\/portal.mph.cl\/index.php?rest_route=%2Fwp%2Fv2%2Fcategories&post=22195"},{"taxonomy":"post_tag","embeddable":true,"href":"https:\/\/portal.mph.cl\/index.php?rest_route=%2Fwp%2Fv2%2Ftags&post=22195"}],"curies":[{"name":"wp","href":"https:\/\/api.w.org\/{rel}","templated":true}]}}