{"id":22192,"date":"2026-03-13T11:41:42","date_gmt":"2026-03-13T15:41:42","guid":{"rendered":"https:\/\/portal.mph.cl\/?p=22192"},"modified":"2026-03-13T11:48:21","modified_gmt":"2026-03-13T15:48:21","slug":"primera-entrega-de-viviendas-mega-proyecto-habitacional","status":"publish","type":"post","link":"https:\/\/portal.mph.cl\/?p=22192","title":{"rendered":"PRIMERA ENTREGA DE VIVIENDAS | MEGA PROYECTO HABITACIONAL"},"content":{"rendered":"<p>El pasado 10 de febrero, tras a\u00f1os de espera, de esfuerzo y perseverancia, 469 familias recibieron las llaves de su casa propia, dando inicio a la primera entrega del mega proyecto habitacional Padre Hurtado Somos Todos.<\/p>\n<p>La ceremonia, cargada de momentos de mucha emoci\u00f3n, fue encabezada por el ministro de Vivienda y Urbanismo, Carlos Montes, junto a nuestro alcalde Felipe Mu\u00f1oz Heredia, acompa\u00f1ados por el diputado Ra\u00fal Leiva, la delegada presidencial provincial, Stephanie Duarte, la consejera regional, Maricel Donoso, y las y los concejales, Paz Gonz\u00e1lez, Marcela Rojas, Ignacio Arias, Francisco Garrido, Daniela D\u00edaz y Roc\u00edo L\u00f3pez.<\/p>\n<p>Esta entrega marca solo el comienzo. Cientos de familias m\u00e1s ver\u00e1n cumplido el sue\u00f1o de la casa propia en las pr\u00f3ximas etapas de este proyecto. Porque en Padre Hurtado los sue\u00f1os se cumplen.<\/p>\n<p><iframe loading=\"lazy\" title=\"PRIMERA ENTREGA DE VIVIENDAS | MEGA PROYECTO HABITACIONAL &quot;PADRE HURTADO SOMOS TODOS\u201d\" width=\"702\" height=\"395\" src=\"https:\/\/www.youtube.com\/embed\/XbsWz0-_C_I?start=12&#038;feature=oembed\" frameborder=\"0\" allow=\"accelerometer; autoplay; clipboard-write; encrypted-media; gyroscope; picture-in-picture; web-share\" referrerpolicy=\"strict-origin-when-cross-origin\" allowfullscreen><\/iframe><\/p>\n","protected":false},"excerpt":{"rendered":"<p>El pasado 10 de febrero, tras a\u00f1os de espera, de esfuerzo y perseverancia, 469 familias recibieron las llaves de su casa propia, dando inicio a la primera entrega del mega proyecto habitacional Padre Hurtado Somos Todos. La ceremonia, cargada de momentos de mucha emoci\u00f3n, fue encabezada por el ministro de Vivienda y Urbanismo, Carlos Montes,<\/p>\n<div class=\"read-more\"><a href=\"https:\/\/portal.mph.cl\/?p=22192\" title=\"Read More\">Read More<\/a><\/div>\n","protected":false},"author":11,"featured_media":22193,"comment_status":"closed","ping_status":"closed","sticky":false,"template":"","format":"standard","meta":{"footnotes":""},"categories":[32,6,36,7,24],"tags":[],"_links":{"self":[{"href":"https:\/\/portal.mph.cl\/index.php?rest_route=\/wp\/v2\/posts\/22192"}],"collection":[{"href":"https:\/\/portal.mph.cl\/index.php?rest_route=\/wp\/v2\/posts"}],"about":[{"href":"https:\/\/portal.mph.cl\/index.php?rest_route=\/wp\/v2\/types\/post"}],"author":[{"embeddable":true,"href":"https:\/\/portal.mph.cl\/index.php?rest_route=\/wp\/v2\/users\/11"}],"replies":[{"embeddable":true,"href":"https:\/\/portal.mph.cl\/index.php?rest_route=%2Fwp%2Fv2%2Fcomments&post=22192"}],"version-history":[{"count":1,"href":"https:\/\/portal.mph.cl\/index.php?rest_route=\/wp\/v2\/posts\/22192\/revisions"}],"predecessor-version":[{"id":22194,"href":"https:\/\/portal.mph.cl\/index.php?rest_route=\/wp\/v2\/posts\/22192\/revisions\/22194"}],"wp:featuredmedia":[{"embeddable":true,"href":"https:\/\/portal.mph.cl\/index.php?rest_route=\/wp\/v2\/media\/22193"}],"wp:attachment":[{"href":"https:\/\/portal.mph.cl\/index.php?rest_route=%2Fwp%2Fv2%2Fmedia&parent=22192"}],"wp:term":[{"taxonomy":"category","embeddable":true,"href":"https:\/\/portal.mph.cl\/index.php?rest_route=%2Fwp%2Fv2%2Fcategories&post=22192"},{"taxonomy":"post_tag","embeddable":true,"href":"https:\/\/portal.mph.cl\/index.php?rest_route=%2Fwp%2Fv2%2Ftags&post=22192"}],"curies":[{"name":"wp","href":"https:\/\/api.w.org\/{rel}","templated":true}]}}