{"id":21798,"date":"2025-07-04T09:00:50","date_gmt":"2025-07-04T13:00:50","guid":{"rendered":"https:\/\/portal.mph.cl\/?p=21798"},"modified":"2025-07-04T09:39:50","modified_gmt":"2025-07-04T13:39:50","slug":"bases-del-remate-de-puestos-en-nuestras-fondas-septiembre-somos-todos-2025","status":"publish","type":"post","link":"https:\/\/portal.mph.cl\/?p=21798","title":{"rendered":"BASES DEL REMATE DE PUESTOS EN NUESTRAS FONDAS \u201cSEPTIEMBRE SOMOS TODOS\u201d 2025"},"content":{"rendered":"<p>Vecinas y vecinos, les informamos que se encuentran disponibles las bases para el remate de nuestra fonda \u201cSEPTIEMBRE SOMOS TODOS. LA FIESTA DIECIOCHERA DE PADRE HURTADO\u201d 2025, que se llevar\u00e1 a cabo los d\u00edas 18, 19 y 20 de septiembre en el Estadio de Santa Rosa de Chena, ubicado en Primera Transversal #200, comuna de Padre Hurtado.<\/p>\n<p>El remate de puestos se realizar\u00e1 el d\u00eda mi\u00e9rcoles 23 de Julio, a las 12:00 horas, en nuestro Centro Cultural, ubicado en Primera Transversal 953.<\/p>\n<p>Revisa las bases y los documentos que debes presentar para postular en el siguiente enlace: <a href=\"https:\/\/portal.mph.cl\/wp-content\/uploads\/2025\/07\/Bases-Septiembre-Somos-Todos-2025.pdf\">Bases Septiembre Somos Todos 2025<\/a><\/p>\n","protected":false},"excerpt":{"rendered":"<p>Vecinas y vecinos, les informamos que se encuentran disponibles las bases para el remate de nuestra fonda \u201cSEPTIEMBRE SOMOS TODOS. LA FIESTA DIECIOCHERA DE PADRE HURTADO\u201d 2025, que se llevar\u00e1 a cabo los d\u00edas 18, 19 y 20 de septiembre en el Estadio de Santa Rosa de Chena, ubicado en Primera Transversal #200, comuna de<\/p>\n<div class=\"read-more\"><a href=\"https:\/\/portal.mph.cl\/?p=21798\" title=\"Read More\">Read More<\/a><\/div>\n","protected":false},"author":11,"featured_media":21800,"comment_status":"closed","ping_status":"closed","sticky":false,"template":"","format":"standard","meta":{"footnotes":""},"categories":[3,6,33],"tags":[],"_links":{"self":[{"href":"https:\/\/portal.mph.cl\/index.php?rest_route=\/wp\/v2\/posts\/21798"}],"collection":[{"href":"https:\/\/portal.mph.cl\/index.php?rest_route=\/wp\/v2\/posts"}],"about":[{"href":"https:\/\/portal.mph.cl\/index.php?rest_route=\/wp\/v2\/types\/post"}],"author":[{"embeddable":true,"href":"https:\/\/portal.mph.cl\/index.php?rest_route=\/wp\/v2\/users\/11"}],"replies":[{"embeddable":true,"href":"https:\/\/portal.mph.cl\/index.php?rest_route=%2Fwp%2Fv2%2Fcomments&post=21798"}],"version-history":[{"count":1,"href":"https:\/\/portal.mph.cl\/index.php?rest_route=\/wp\/v2\/posts\/21798\/revisions"}],"predecessor-version":[{"id":21801,"href":"https:\/\/portal.mph.cl\/index.php?rest_route=\/wp\/v2\/posts\/21798\/revisions\/21801"}],"wp:featuredmedia":[{"embeddable":true,"href":"https:\/\/portal.mph.cl\/index.php?rest_route=\/wp\/v2\/media\/21800"}],"wp:attachment":[{"href":"https:\/\/portal.mph.cl\/index.php?rest_route=%2Fwp%2Fv2%2Fmedia&parent=21798"}],"wp:term":[{"taxonomy":"category","embeddable":true,"href":"https:\/\/portal.mph.cl\/index.php?rest_route=%2Fwp%2Fv2%2Fcategories&post=21798"},{"taxonomy":"post_tag","embeddable":true,"href":"https:\/\/portal.mph.cl\/index.php?rest_route=%2Fwp%2Fv2%2Ftags&post=21798"}],"curies":[{"name":"wp","href":"https:\/\/api.w.org\/{rel}","templated":true}]}}