{"id":21375,"date":"2025-01-24T08:50:23","date_gmt":"2025-01-24T12:50:23","guid":{"rendered":"https:\/\/portal.mph.cl\/?p=21375"},"modified":"2025-01-24T08:50:23","modified_gmt":"2025-01-24T12:50:23","slug":"120-ninos-en-lista-de-espera-de-nuestra-comuna-fueron-atendidos-por-neurologos-infantiles","status":"publish","type":"post","link":"https:\/\/portal.mph.cl\/?p=21375","title":{"rendered":"120 NI\u00d1OS EN LISTA DE ESPERA DE NUESTRA COMUNA FUERON ATENDIDOS POR NEUR\u00d3LOGOS INFANTILES"},"content":{"rendered":"<p>Hace algunas semanas, 120 ni\u00f1os en lista de espera en nuestra comuna, fueron atendidos por dos neur\u00f3logos infantiles para poder confirmar o descartar la presencia de un Trastorno del Espectro Autista (TEA).<\/p>\n<p>Este operativo se realiz\u00f3 gracias a gestiones de la Direcci\u00f3n de Salud, con el fin de poder rebajar el n\u00famero de usuarios en lista de espera por un diagn\u00f3stico de este tipo.<\/p>\n<p>Esta iniciativa se replicar\u00e1 este a\u00f1o 2025, por lo que, si sus hijos necesitan atenci\u00f3n neurol\u00f3gica, se acerquen al Cesfam Juan Pablo II para tener su derivaci\u00f3n m\u00e9dica.<\/p>\n<p>Si tienen dudas o necesitan asesor\u00eda para gestionar la derivaci\u00f3n m\u00e9dica con un neur\u00f3logo, pueden contactarse al n\u00famero +56 9 4133 2915 (Tel\u00e9fono y WhatsApp).<\/p>\n<p><iframe loading=\"lazy\" title=\"120 NI\u00d1OS EN LISTA DE ESPERA DE NUESTRA COMUNA FUERON ATENDIDOS POR NEUR\u00d3LOGOS INFANTILES\" width=\"702\" height=\"395\" src=\"https:\/\/www.youtube.com\/embed\/yV2tA4yL7Bs?feature=oembed\" frameborder=\"0\" allow=\"accelerometer; autoplay; clipboard-write; encrypted-media; gyroscope; picture-in-picture; web-share\" referrerpolicy=\"strict-origin-when-cross-origin\" allowfullscreen><\/iframe><\/p>\n","protected":false},"excerpt":{"rendered":"<p>Hace algunas semanas, 120 ni\u00f1os en lista de espera en nuestra comuna, fueron atendidos por dos neur\u00f3logos infantiles para poder confirmar o descartar la presencia de un Trastorno del Espectro Autista (TEA). Este operativo se realiz\u00f3 gracias a gestiones de la Direcci\u00f3n de Salud, con el fin de poder rebajar el n\u00famero de usuarios en<\/p>\n<div class=\"read-more\"><a href=\"https:\/\/portal.mph.cl\/?p=21375\" title=\"Read More\">Read More<\/a><\/div>\n","protected":false},"author":11,"featured_media":21374,"comment_status":"closed","ping_status":"closed","sticky":false,"template":"","format":"standard","meta":{"footnotes":""},"categories":[6,25,7],"tags":[],"_links":{"self":[{"href":"https:\/\/portal.mph.cl\/index.php?rest_route=\/wp\/v2\/posts\/21375"}],"collection":[{"href":"https:\/\/portal.mph.cl\/index.php?rest_route=\/wp\/v2\/posts"}],"about":[{"href":"https:\/\/portal.mph.cl\/index.php?rest_route=\/wp\/v2\/types\/post"}],"author":[{"embeddable":true,"href":"https:\/\/portal.mph.cl\/index.php?rest_route=\/wp\/v2\/users\/11"}],"replies":[{"embeddable":true,"href":"https:\/\/portal.mph.cl\/index.php?rest_route=%2Fwp%2Fv2%2Fcomments&post=21375"}],"version-history":[{"count":1,"href":"https:\/\/portal.mph.cl\/index.php?rest_route=\/wp\/v2\/posts\/21375\/revisions"}],"predecessor-version":[{"id":21376,"href":"https:\/\/portal.mph.cl\/index.php?rest_route=\/wp\/v2\/posts\/21375\/revisions\/21376"}],"wp:featuredmedia":[{"embeddable":true,"href":"https:\/\/portal.mph.cl\/index.php?rest_route=\/wp\/v2\/media\/21374"}],"wp:attachment":[{"href":"https:\/\/portal.mph.cl\/index.php?rest_route=%2Fwp%2Fv2%2Fmedia&parent=21375"}],"wp:term":[{"taxonomy":"category","embeddable":true,"href":"https:\/\/portal.mph.cl\/index.php?rest_route=%2Fwp%2Fv2%2Fcategories&post=21375"},{"taxonomy":"post_tag","embeddable":true,"href":"https:\/\/portal.mph.cl\/index.php?rest_route=%2Fwp%2Fv2%2Ftags&post=21375"}],"curies":[{"name":"wp","href":"https:\/\/api.w.org\/{rel}","templated":true}]}}