{"id":21179,"date":"2024-11-18T11:41:53","date_gmt":"2024-11-18T15:41:53","guid":{"rendered":"https:\/\/portal.mph.cl\/?p=21179"},"modified":"2024-11-18T12:46:08","modified_gmt":"2024-11-18T16:46:08","slug":"resultado-sorteo-feria-navidena-2024","status":"publish","type":"post","link":"https:\/\/portal.mph.cl\/?p=21179","title":{"rendered":"RESULTADO SORTEO FERIA NAVIDE\u00d1A 2024"},"content":{"rendered":"<p>Vecinas y vecinos, adjuntamos el listado completo de las personas seleccionadas por sorteo para participar de la Feria Navide\u00f1a 2024.<\/p>\n<p>Las personas seleccionadas tienen plazo hasta este mi\u00e9rcoles 20 de noviembre para cancelar el monto correspondiente a la adjudicaci\u00f3n.<\/p>\n<p>Horario de Atenci\u00f3n: 09:30 a 13:30 horas<\/p>\n<p>Revisa el listado completo de seleccionados en el siguiente enlace <a href=\"https:\/\/portal.mph.cl\/wp-content\/uploads\/2024\/11\/RESULTADO-SORTEO-FERIA-NAVIDENA-2024.pdf\">RESULTADO SORTEO FERIA NAVIDE\u00d1A 2024<\/a><\/p>\n","protected":false},"excerpt":{"rendered":"<p>Vecinas y vecinos, adjuntamos el listado completo de las personas seleccionadas por sorteo para participar de la Feria Navide\u00f1a 2024. Las personas seleccionadas tienen plazo hasta este mi\u00e9rcoles 20 de noviembre para cancelar el monto correspondiente a la adjudicaci\u00f3n. Horario de Atenci\u00f3n: 09:30 a 13:30 horas Revisa el listado completo de seleccionados en el siguiente<\/p>\n<div class=\"read-more\"><a href=\"https:\/\/portal.mph.cl\/?p=21179\" title=\"Read More\">Read More<\/a><\/div>\n","protected":false},"author":11,"featured_media":21181,"comment_status":"closed","ping_status":"closed","sticky":false,"template":"","format":"standard","meta":{"footnotes":""},"categories":[34,6,33],"tags":[],"_links":{"self":[{"href":"https:\/\/portal.mph.cl\/index.php?rest_route=\/wp\/v2\/posts\/21179"}],"collection":[{"href":"https:\/\/portal.mph.cl\/index.php?rest_route=\/wp\/v2\/posts"}],"about":[{"href":"https:\/\/portal.mph.cl\/index.php?rest_route=\/wp\/v2\/types\/post"}],"author":[{"embeddable":true,"href":"https:\/\/portal.mph.cl\/index.php?rest_route=\/wp\/v2\/users\/11"}],"replies":[{"embeddable":true,"href":"https:\/\/portal.mph.cl\/index.php?rest_route=%2Fwp%2Fv2%2Fcomments&post=21179"}],"version-history":[{"count":2,"href":"https:\/\/portal.mph.cl\/index.php?rest_route=\/wp\/v2\/posts\/21179\/revisions"}],"predecessor-version":[{"id":21183,"href":"https:\/\/portal.mph.cl\/index.php?rest_route=\/wp\/v2\/posts\/21179\/revisions\/21183"}],"wp:featuredmedia":[{"embeddable":true,"href":"https:\/\/portal.mph.cl\/index.php?rest_route=\/wp\/v2\/media\/21181"}],"wp:attachment":[{"href":"https:\/\/portal.mph.cl\/index.php?rest_route=%2Fwp%2Fv2%2Fmedia&parent=21179"}],"wp:term":[{"taxonomy":"category","embeddable":true,"href":"https:\/\/portal.mph.cl\/index.php?rest_route=%2Fwp%2Fv2%2Fcategories&post=21179"},{"taxonomy":"post_tag","embeddable":true,"href":"https:\/\/portal.mph.cl\/index.php?rest_route=%2Fwp%2Fv2%2Ftags&post=21179"}],"curies":[{"name":"wp","href":"https:\/\/api.w.org\/{rel}","templated":true}]}}