{"id":20924,"date":"2024-08-19T16:31:04","date_gmt":"2024-08-19T20:31:04","guid":{"rendered":"https:\/\/portal.mph.cl\/?p=20924"},"modified":"2024-10-16T10:29:57","modified_gmt":"2024-10-16T14:29:57","slug":"postula-al-fondo-de-emprendimiento-de-personas-en-situacion-de-discapacidad-y-o-cuidadores-2024","status":"publish","type":"post","link":"https:\/\/portal.mph.cl\/?p=20924","title":{"rendered":"POSTULA AL FONDO DE EMPRENDIMIENTO DE PERSONAS EN SITUACI\u00d3N DE DISCAPACIDAD Y\/O CUIDADORES 2024"},"content":{"rendered":"<p>Vecinas y vecinos, ya est\u00e1 abierto el plazo para postular al \u00abFomento\u00a0para\u00a0el Emprendimiento\u00a0de\u00a0Personas\u00a0en Situaci\u00f3n\u00a0de Discapacidad\u00a0y\/o cuidadores 2024\u00bb.<\/p>\n<p>Este fondo est\u00e1 dirigido a personas que \u201cse encuentren en situaci\u00f3n de discapacidad o personas que cumplan el rol de cuidadores de estas y que cuenten con una actividad econ\u00f3mica en funcionamiento, tengan una idea de negocios por implementar o participen de actividades de capacitaci\u00f3n laboral\u201d.<\/p>\n<p>Las personas interesadas deben retirar las bases y formulario en la Oficina de Personas en Situaci\u00f3n de Discapacidad (PeSD) ubicada en Primera Transversal #953, de 08:30 a 14:00 horas, hasta este viernes 23 de agosto.<\/p>\n<p>Adem\u00e1s, pueden descargar la documentaci\u00f3n desde el siguiente enlace: <a href=\"https:\/\/portal.mph.cl\/wp-content\/uploads\/2024\/08\/bases-fondo-de-Emprendimeinto-para-Personas-en-situacion-de-discapacidad.pdf\">bases fondo de Emprendimeinto para Personas en situacion de discapacidad<\/a><\/p>\n","protected":false},"excerpt":{"rendered":"<p>Vecinas y vecinos, ya est\u00e1 abierto el plazo para postular al \u00abFomento\u00a0para\u00a0el Emprendimiento\u00a0de\u00a0Personas\u00a0en Situaci\u00f3n\u00a0de Discapacidad\u00a0y\/o cuidadores 2024\u00bb. Este fondo est\u00e1 dirigido a personas que \u201cse encuentren en situaci\u00f3n de discapacidad o personas que cumplan el rol de cuidadores de estas y que cuenten con una actividad econ\u00f3mica en funcionamiento, tengan una idea de negocios por<\/p>\n<div class=\"read-more\"><a href=\"https:\/\/portal.mph.cl\/?p=20924\" title=\"Read More\">Read More<\/a><\/div>\n","protected":false},"author":11,"featured_media":20926,"comment_status":"closed","ping_status":"closed","sticky":false,"template":"","format":"standard","meta":{"footnotes":""},"categories":[6,33],"tags":[],"_links":{"self":[{"href":"https:\/\/portal.mph.cl\/index.php?rest_route=\/wp\/v2\/posts\/20924"}],"collection":[{"href":"https:\/\/portal.mph.cl\/index.php?rest_route=\/wp\/v2\/posts"}],"about":[{"href":"https:\/\/portal.mph.cl\/index.php?rest_route=\/wp\/v2\/types\/post"}],"author":[{"embeddable":true,"href":"https:\/\/portal.mph.cl\/index.php?rest_route=\/wp\/v2\/users\/11"}],"replies":[{"embeddable":true,"href":"https:\/\/portal.mph.cl\/index.php?rest_route=%2Fwp%2Fv2%2Fcomments&post=20924"}],"version-history":[{"count":1,"href":"https:\/\/portal.mph.cl\/index.php?rest_route=\/wp\/v2\/posts\/20924\/revisions"}],"predecessor-version":[{"id":20927,"href":"https:\/\/portal.mph.cl\/index.php?rest_route=\/wp\/v2\/posts\/20924\/revisions\/20927"}],"wp:featuredmedia":[{"embeddable":true,"href":"https:\/\/portal.mph.cl\/index.php?rest_route=\/wp\/v2\/media\/20926"}],"wp:attachment":[{"href":"https:\/\/portal.mph.cl\/index.php?rest_route=%2Fwp%2Fv2%2Fmedia&parent=20924"}],"wp:term":[{"taxonomy":"category","embeddable":true,"href":"https:\/\/portal.mph.cl\/index.php?rest_route=%2Fwp%2Fv2%2Fcategories&post=20924"},{"taxonomy":"post_tag","embeddable":true,"href":"https:\/\/portal.mph.cl\/index.php?rest_route=%2Fwp%2Fv2%2Ftags&post=20924"}],"curies":[{"name":"wp","href":"https:\/\/api.w.org\/{rel}","templated":true}]}}