{"id":20667,"date":"2024-05-08T14:55:25","date_gmt":"2024-05-08T18:55:25","guid":{"rendered":"https:\/\/portal.mph.cl\/?p=20667"},"modified":"2024-05-08T14:55:25","modified_gmt":"2024-05-08T18:55:25","slug":"funcionarios-se-capacitaron-en-curso-de-soporte-vital-prehospitalario-en-trauma","status":"publish","type":"post","link":"https:\/\/portal.mph.cl\/?p=20667","title":{"rendered":"FUNCIONARIOS SE CAPACITARON EN CURSO DE \u201cSOPORTE VITAL PREHOSPITALARIO EN TRAUMA\u201d\u00a0"},"content":{"rendered":"<div class=\"xdj266r x11i5rnm xat24cr x1mh8g0r x1vvkbs x126k92a\">\n<div dir=\"auto\">El pasado lunes, 14 funcionarios y funcionarias de Emergencias y Seguridad P\u00fablica fueron certificados en el curso de \u201cSoporte Vital Prehospitalario en Trauma\u201d, en una ceremonia encabezada por nuestro alcalde, Felipe Mu\u00f1oz Heredia, y el superintendente de Bomberos de Pe\u00f1aflor, Roberto Valenzuela.<\/div>\n<\/div>\n<div class=\"x11i5rnm xat24cr x1mh8g0r x1vvkbs xtlvy1s x126k92a\">\n<div dir=\"auto\"><\/div>\n<\/div>\n<div class=\"x11i5rnm xat24cr x1mh8g0r x1vvkbs xtlvy1s x126k92a\">\n<div dir=\"auto\">Esta iniciativa les entrega a nuestros equipos las mismas herramientas y preparaci\u00f3n de bomberos, clave para el trabajo conjunto ante distintos tipos de emergencias que se registran en Padre Hurtado.<\/div>\n<div dir=\"auto\"><\/div>\n<\/div>\n<div class=\"x11i5rnm xat24cr x1mh8g0r x1vvkbs xtlvy1s x126k92a\">\n<div dir=\"auto\">Como municipio, continuaremos trabajando para la capacitaci\u00f3n de nuestros funcionarios, que nos permitir\u00e1n responder de mejor forma ante las solicitudes de la comunidad padrehurtadina.<\/p>\n<\/div>\n<div dir=\"auto\">\n<p><iframe loading=\"lazy\" title=\"FUNCIONARIOS SE CAPACITARON EN CURSO DE \u201cSOPORTE VITAL PREHOSPITALARIO EN TRAUMA\u201d\" width=\"702\" height=\"395\" src=\"https:\/\/www.youtube.com\/embed\/WHhKWaU8M2Q?feature=oembed\" frameborder=\"0\" allow=\"accelerometer; autoplay; clipboard-write; encrypted-media; gyroscope; picture-in-picture; web-share\" referrerpolicy=\"strict-origin-when-cross-origin\" allowfullscreen><\/iframe><\/p>\n<\/div>\n<\/div>\n","protected":false},"excerpt":{"rendered":"<p>El pasado lunes, 14 funcionarios y funcionarias de Emergencias y Seguridad P\u00fablica fueron certificados en el curso de \u201cSoporte Vital Prehospitalario en Trauma\u201d, en una ceremonia encabezada por nuestro alcalde, Felipe Mu\u00f1oz Heredia, y el superintendente de Bomberos de Pe\u00f1aflor, Roberto Valenzuela. Esta iniciativa les entrega a nuestros equipos las mismas herramientas y preparaci\u00f3n de<\/p>\n<div class=\"read-more\"><a href=\"https:\/\/portal.mph.cl\/?p=20667\" title=\"Read More\">Read More<\/a><\/div>\n","protected":false},"author":11,"featured_media":20668,"comment_status":"closed","ping_status":"closed","sticky":false,"template":"","format":"standard","meta":{"footnotes":""},"categories":[32,6,38,7],"tags":[],"_links":{"self":[{"href":"https:\/\/portal.mph.cl\/index.php?rest_route=\/wp\/v2\/posts\/20667"}],"collection":[{"href":"https:\/\/portal.mph.cl\/index.php?rest_route=\/wp\/v2\/posts"}],"about":[{"href":"https:\/\/portal.mph.cl\/index.php?rest_route=\/wp\/v2\/types\/post"}],"author":[{"embeddable":true,"href":"https:\/\/portal.mph.cl\/index.php?rest_route=\/wp\/v2\/users\/11"}],"replies":[{"embeddable":true,"href":"https:\/\/portal.mph.cl\/index.php?rest_route=%2Fwp%2Fv2%2Fcomments&post=20667"}],"version-history":[{"count":1,"href":"https:\/\/portal.mph.cl\/index.php?rest_route=\/wp\/v2\/posts\/20667\/revisions"}],"predecessor-version":[{"id":20669,"href":"https:\/\/portal.mph.cl\/index.php?rest_route=\/wp\/v2\/posts\/20667\/revisions\/20669"}],"wp:featuredmedia":[{"embeddable":true,"href":"https:\/\/portal.mph.cl\/index.php?rest_route=\/wp\/v2\/media\/20668"}],"wp:attachment":[{"href":"https:\/\/portal.mph.cl\/index.php?rest_route=%2Fwp%2Fv2%2Fmedia&parent=20667"}],"wp:term":[{"taxonomy":"category","embeddable":true,"href":"https:\/\/portal.mph.cl\/index.php?rest_route=%2Fwp%2Fv2%2Fcategories&post=20667"},{"taxonomy":"post_tag","embeddable":true,"href":"https:\/\/portal.mph.cl\/index.php?rest_route=%2Fwp%2Fv2%2Ftags&post=20667"}],"curies":[{"name":"wp","href":"https:\/\/api.w.org\/{rel}","templated":true}]}}