{"id":20516,"date":"2024-03-19T11:53:35","date_gmt":"2024-03-19T15:53:35","guid":{"rendered":"https:\/\/portal.mph.cl\/?p=20516"},"modified":"2024-03-19T11:53:35","modified_gmt":"2024-03-19T15:53:35","slug":"la-familia-padrehurtadina-despidio-el-verano-2024-en-el-sector-de-santa-monica","status":"publish","type":"post","link":"https:\/\/portal.mph.cl\/?p=20516","title":{"rendered":"LA FAMILIA PADREHURTADINA DESPIDI\u00d3 EL VERANO 2024 EN EL SECTOR DE SANTA M\u00d3NICA"},"content":{"rendered":"<p>El fin de semana reci\u00e9n pasado, la familia padrehurtadina lleg\u00f3 en masa hasta la Cancha de Santa M\u00f3nica, en el sector rural de nuestra comuna, para el gran \u201cCierre del Verano 2024\u201d.<\/p>\n<p>La actividad cont\u00f3 con la presencia de nuestro alcalde, Felipe Mu\u00f1oz Heredia, los concejales Miguel Ramos y Marta Pi\u00f1a, adem\u00e1s de funcionarios municipales.<\/p>\n<p>Miles de personas disfrutaron de grandes sorpresas, emprendedores locales, food trucks, nuestros artistas locales y todo el ritmo de Brisa Tropikal, Embrujo Ranchero y el Grupo Voltaje.<\/p>\n<p>El alcalde Felipe Mu\u00f1oz realiz\u00f3 una presentaci\u00f3n de los avances y proyectos concretos que se vienen en el sector rural, junto con destacar el hecho de que esta fiesta se haya realizado por segundo a\u00f1o consecutivo en esta zona de nuestra comuna, cumpliendo con la promesa hecha hace un tiempo.<\/p>\n<p>El municipio continuar\u00e1 apoyando y promoviendo este tipo de actividades recreativas para la entretenci\u00f3n de todas y todos los padrehurtadinos.<\/p>\n<p><iframe loading=\"lazy\" title=\"CIERRE DE VERANO 2024\" width=\"702\" height=\"395\" src=\"https:\/\/www.youtube.com\/embed\/hzf-G3MqKU8?feature=oembed\" frameborder=\"0\" allow=\"accelerometer; autoplay; clipboard-write; encrypted-media; gyroscope; picture-in-picture; web-share\" allowfullscreen><\/iframe><\/p>\n","protected":false},"excerpt":{"rendered":"<p>El fin de semana reci\u00e9n pasado, la familia padrehurtadina lleg\u00f3 en masa hasta la Cancha de Santa M\u00f3nica, en el sector rural de nuestra comuna, para el gran \u201cCierre del Verano 2024\u201d. La actividad cont\u00f3 con la presencia de nuestro alcalde, Felipe Mu\u00f1oz Heredia, los concejales Miguel Ramos y Marta Pi\u00f1a, adem\u00e1s de funcionarios municipales.<\/p>\n<div class=\"read-more\"><a href=\"https:\/\/portal.mph.cl\/?p=20516\" title=\"Read More\">Read More<\/a><\/div>\n","protected":false},"author":11,"featured_media":20517,"comment_status":"closed","ping_status":"closed","sticky":false,"template":"","format":"standard","meta":{"footnotes":""},"categories":[4,6,30,36,7],"tags":[],"_links":{"self":[{"href":"https:\/\/portal.mph.cl\/index.php?rest_route=\/wp\/v2\/posts\/20516"}],"collection":[{"href":"https:\/\/portal.mph.cl\/index.php?rest_route=\/wp\/v2\/posts"}],"about":[{"href":"https:\/\/portal.mph.cl\/index.php?rest_route=\/wp\/v2\/types\/post"}],"author":[{"embeddable":true,"href":"https:\/\/portal.mph.cl\/index.php?rest_route=\/wp\/v2\/users\/11"}],"replies":[{"embeddable":true,"href":"https:\/\/portal.mph.cl\/index.php?rest_route=%2Fwp%2Fv2%2Fcomments&post=20516"}],"version-history":[{"count":1,"href":"https:\/\/portal.mph.cl\/index.php?rest_route=\/wp\/v2\/posts\/20516\/revisions"}],"predecessor-version":[{"id":20518,"href":"https:\/\/portal.mph.cl\/index.php?rest_route=\/wp\/v2\/posts\/20516\/revisions\/20518"}],"wp:featuredmedia":[{"embeddable":true,"href":"https:\/\/portal.mph.cl\/index.php?rest_route=\/wp\/v2\/media\/20517"}],"wp:attachment":[{"href":"https:\/\/portal.mph.cl\/index.php?rest_route=%2Fwp%2Fv2%2Fmedia&parent=20516"}],"wp:term":[{"taxonomy":"category","embeddable":true,"href":"https:\/\/portal.mph.cl\/index.php?rest_route=%2Fwp%2Fv2%2Fcategories&post=20516"},{"taxonomy":"post_tag","embeddable":true,"href":"https:\/\/portal.mph.cl\/index.php?rest_route=%2Fwp%2Fv2%2Ftags&post=20516"}],"curies":[{"name":"wp","href":"https:\/\/api.w.org\/{rel}","templated":true}]}}