{"id":20485,"date":"2024-03-18T10:32:51","date_gmt":"2024-03-18T14:32:51","guid":{"rendered":"https:\/\/portal.mph.cl\/?p=20485"},"modified":"2024-03-18T10:32:51","modified_gmt":"2024-03-18T14:32:51","slug":"continua-el-recambio-de-luminarias-led-en-nuestra-comuna","status":"publish","type":"post","link":"https:\/\/portal.mph.cl\/?p=20485","title":{"rendered":"CONTIN\u00daA EL RECAMBIO DE LUMINARIAS LED EN NUESTRA COMUNA"},"content":{"rendered":"<p>El mi\u00e9rcoles pasado, nuestro alcalde, Felipe Mu\u00f1oz Heredia, encabez\u00f3 un nuevo acto de encendido de luces, en el sector del Estadio de Santa Rosa de Chena, continuando as\u00ed con el recambio de 4.000 luminarias LED en Padre Hurtado.<\/p>\n<p>Estuvieron presentes los concejales Miguel Ramos, Maricel Arellano y Marta Pi\u00f1a, adem\u00e1s de vecinas y vecinos, y representantes de la empresa encargada de ejecutar estos trabajos.<\/p>\n<p>El alcalde Felipe Mu\u00f1oz destac\u00f3 este proceso de recambio de luminarias, que comenz\u00f3 a fines de febrero pasado y que beneficiar\u00e1 a la poblaci\u00f3n de nuestra comuna, mejorando la calidad de vida y seguridad de los padrehurtadinos.<\/p>\n<p>Cabe recordar que estos trabajos se llevar\u00e1n a cabo en casi la totalidad de Padre Hurtado y tendr\u00e1n un tiempo de ejecuci\u00f3n estimado de entre 5 y 6 meses.<\/p>\n<p><iframe loading=\"lazy\" title=\"CONTIN\u00daA EL RECAMBIO DE LUMINARIAS LED EN NUESTRA COMUNA\" width=\"702\" height=\"395\" src=\"https:\/\/www.youtube.com\/embed\/XYUWZdZ7sOw?feature=oembed\" frameborder=\"0\" allow=\"accelerometer; autoplay; clipboard-write; encrypted-media; gyroscope; picture-in-picture; web-share\" allowfullscreen><\/iframe><\/p>\n","protected":false},"excerpt":{"rendered":"<p>El mi\u00e9rcoles pasado, nuestro alcalde, Felipe Mu\u00f1oz Heredia, encabez\u00f3 un nuevo acto de encendido de luces, en el sector del Estadio de Santa Rosa de Chena, continuando as\u00ed con el recambio de 4.000 luminarias LED en Padre Hurtado. Estuvieron presentes los concejales Miguel Ramos, Maricel Arellano y Marta Pi\u00f1a, adem\u00e1s de vecinas y vecinos, y<\/p>\n<div class=\"read-more\"><a href=\"https:\/\/portal.mph.cl\/?p=20485\" title=\"Read More\">Read More<\/a><\/div>\n","protected":false},"author":11,"featured_media":20486,"comment_status":"closed","ping_status":"closed","sticky":false,"template":"","format":"standard","meta":{"footnotes":""},"categories":[32,6,38,36,7],"tags":[],"_links":{"self":[{"href":"https:\/\/portal.mph.cl\/index.php?rest_route=\/wp\/v2\/posts\/20485"}],"collection":[{"href":"https:\/\/portal.mph.cl\/index.php?rest_route=\/wp\/v2\/posts"}],"about":[{"href":"https:\/\/portal.mph.cl\/index.php?rest_route=\/wp\/v2\/types\/post"}],"author":[{"embeddable":true,"href":"https:\/\/portal.mph.cl\/index.php?rest_route=\/wp\/v2\/users\/11"}],"replies":[{"embeddable":true,"href":"https:\/\/portal.mph.cl\/index.php?rest_route=%2Fwp%2Fv2%2Fcomments&post=20485"}],"version-history":[{"count":1,"href":"https:\/\/portal.mph.cl\/index.php?rest_route=\/wp\/v2\/posts\/20485\/revisions"}],"predecessor-version":[{"id":20487,"href":"https:\/\/portal.mph.cl\/index.php?rest_route=\/wp\/v2\/posts\/20485\/revisions\/20487"}],"wp:featuredmedia":[{"embeddable":true,"href":"https:\/\/portal.mph.cl\/index.php?rest_route=\/wp\/v2\/media\/20486"}],"wp:attachment":[{"href":"https:\/\/portal.mph.cl\/index.php?rest_route=%2Fwp%2Fv2%2Fmedia&parent=20485"}],"wp:term":[{"taxonomy":"category","embeddable":true,"href":"https:\/\/portal.mph.cl\/index.php?rest_route=%2Fwp%2Fv2%2Fcategories&post=20485"},{"taxonomy":"post_tag","embeddable":true,"href":"https:\/\/portal.mph.cl\/index.php?rest_route=%2Fwp%2Fv2%2Ftags&post=20485"}],"curies":[{"name":"wp","href":"https:\/\/api.w.org\/{rel}","templated":true}]}}