{"id":20473,"date":"2024-03-11T12:59:38","date_gmt":"2024-03-11T16:59:38","guid":{"rendered":"https:\/\/portal.mph.cl\/?p=20473"},"modified":"2024-03-12T09:28:03","modified_gmt":"2024-03-12T13:28:03","slug":"comienza-la-construccion-de-nuestro-nuevo-cesfam","status":"publish","type":"post","link":"https:\/\/portal.mph.cl\/?p=20473","title":{"rendered":"COMIENZA LA CONSTRUCCI\u00d3N DE NUESTRO NUEVO CESFAM"},"content":{"rendered":"<p>La semana pasada, nuestro Alcalde, Felipe Mu\u00f1oz Heredia, junto al Director de Salud del municipio, Alex Garc\u00eda, recibieron a la Directora del Servicio de Salud Metropolitano Occidente, Daniella Greibe, quien, junto a su equipo, visitaron el sector de Los Jesuitas en la comuna.<\/p>\n<p>Esto con el fin de informar la toma de raz\u00f3n por parte de la Contralor\u00eda General de la Rep\u00fablica, en donde se indica que ya est\u00e1 adjudicada la empresa que construir\u00e1 el nuevo Cesfam de la comuna, que beneficiar\u00e1 a\u00a0m\u00e1s de 30.000 vecinos de Padre Hurtado.<\/p>\n<p>Durante la visita, la Directora Daniella Greibe confirm\u00f3 que la empresa adjudicada est\u00e1 a la espera de la entrega formal del terreno, la cual est\u00e1 programada para las pr\u00f3ximas semanas.<\/p>\n<p>Cabe recordar que la gesti\u00f3n para la construcci\u00f3n de este nuevo Centro de Salud Familiar comenz\u00f3 en el a\u00f1o 2020, sin embargo, luego qued\u00f3 sin efecto. Tras asumir la actual administraci\u00f3n, se retom\u00f3 esta obra como una prioridad, obteniendo un incremento del 30% en la inversi\u00f3n estatal para impulsar el proyecto<\/p>\n<p>Nuestro municipio velar\u00e1 y fiscalizar\u00e1 que la empresa constructora adjudicada cumpla con los plazos y est\u00e1ndares pactados por contrato para la construcci\u00f3n de este anhelado Cesfam para todas y todos los Padrehurtadinos.<\/p>\n<p><iframe loading=\"lazy\" title=\"COMIENZA LA CONSTRUCCI\u00d3N DE NUESTRO NUEVO CESFAM\" width=\"702\" height=\"395\" src=\"https:\/\/www.youtube.com\/embed\/wIEQEgnGxnY?feature=oembed\" frameborder=\"0\" allow=\"accelerometer; autoplay; clipboard-write; encrypted-media; gyroscope; picture-in-picture; web-share\" allowfullscreen><\/iframe><\/p>\n","protected":false},"excerpt":{"rendered":"<p>La semana pasada, nuestro Alcalde, Felipe Mu\u00f1oz Heredia, junto al Director de Salud del municipio, Alex Garc\u00eda, recibieron a la Directora del Servicio de Salud Metropolitano Occidente, Daniella Greibe, quien, junto a su equipo, visitaron el sector de Los Jesuitas en la comuna. Esto con el fin de informar la toma de raz\u00f3n por parte<\/p>\n<div class=\"read-more\"><a href=\"https:\/\/portal.mph.cl\/?p=20473\" title=\"Read More\">Read More<\/a><\/div>\n","protected":false},"author":11,"featured_media":20474,"comment_status":"closed","ping_status":"closed","sticky":false,"template":"","format":"standard","meta":{"footnotes":""},"categories":[32,6,25,7],"tags":[],"_links":{"self":[{"href":"https:\/\/portal.mph.cl\/index.php?rest_route=\/wp\/v2\/posts\/20473"}],"collection":[{"href":"https:\/\/portal.mph.cl\/index.php?rest_route=\/wp\/v2\/posts"}],"about":[{"href":"https:\/\/portal.mph.cl\/index.php?rest_route=\/wp\/v2\/types\/post"}],"author":[{"embeddable":true,"href":"https:\/\/portal.mph.cl\/index.php?rest_route=\/wp\/v2\/users\/11"}],"replies":[{"embeddable":true,"href":"https:\/\/portal.mph.cl\/index.php?rest_route=%2Fwp%2Fv2%2Fcomments&post=20473"}],"version-history":[{"count":1,"href":"https:\/\/portal.mph.cl\/index.php?rest_route=\/wp\/v2\/posts\/20473\/revisions"}],"predecessor-version":[{"id":20475,"href":"https:\/\/portal.mph.cl\/index.php?rest_route=\/wp\/v2\/posts\/20473\/revisions\/20475"}],"wp:featuredmedia":[{"embeddable":true,"href":"https:\/\/portal.mph.cl\/index.php?rest_route=\/wp\/v2\/media\/20474"}],"wp:attachment":[{"href":"https:\/\/portal.mph.cl\/index.php?rest_route=%2Fwp%2Fv2%2Fmedia&parent=20473"}],"wp:term":[{"taxonomy":"category","embeddable":true,"href":"https:\/\/portal.mph.cl\/index.php?rest_route=%2Fwp%2Fv2%2Fcategories&post=20473"},{"taxonomy":"post_tag","embeddable":true,"href":"https:\/\/portal.mph.cl\/index.php?rest_route=%2Fwp%2Fv2%2Ftags&post=20473"}],"curies":[{"name":"wp","href":"https:\/\/api.w.org\/{rel}","templated":true}]}}